{"id":284,"date":"2023-10-25T19:30:15","date_gmt":"2023-10-25T23:30:15","guid":{"rendered":"https:\/\/albculture.ca\/?p=284"},"modified":"2024-02-17T07:34:24","modified_gmt":"2024-02-17T12:34:24","slug":"festa-e-flamurit","status":"publish","type":"post","link":"https:\/\/albculture.ca\/index.php\/2023\/10\/25\/festa-e-flamurit\/","title":{"rendered":"G\u00ebzuar festa e flamurit"},"content":{"rendered":"\n<p class=\"has-text-align-center has-vivid-red-color has-text-color\"><strong>T\u00eb nderuar bashkatdhetar\u00eb!<\/strong><\/p>\n\n\n\n<p>Festa e p\u00ebrvjetorit t\u00eb 111<sup>-t\u00eb <\/sup>t\u00eb Pavar\u00ebsis\u00eb Komb\u00ebtare po afron dhe gjith\u00eb shqiptar\u00ebt an\u00eb e mban\u00eb globit po p\u00ebrgatiten ta p\u00ebrkujtojn\u00eb k\u00ebt\u00eb dat\u00eb t\u00eb sh\u00ebnuar n\u00eb historin\u00eb e popullit ton\u00eb.<\/p>\n\n\n\n<p>N\u00eb em\u00ebr t\u00eb Shoqates Kulturore t\u00eb Shqiptar\u00ebve t\u00eb Montrealit, ju ftojm\u00eb n\u00eb nj\u00eb atmosfer\u00eb festive dhe t\u00eb larmishme, n\u00ebn tingujt e bukur t\u00eb muzikes shqiptare, q\u00eb do t\u00eb interpretohet nga k\u00ebng\u00ebtarja Vojsava Alia, e shoq\u00ebruar n\u00eb organo nga Vani Rushiti, e me nj\u00eb menu t\u00eb pasur dhe t\u00eb zgjedhur ofruar nga salla e banketeve \u201cLa Classique\u201d.<\/p>\n\n\n\n<p class=\"has-text-align-center has-vivid-red-color has-text-color\"><strong>Ju ftojm\u00eb t\u00eb festojm\u00eb s\u00eb bashku n\u00eb mbr\u00ebmjen e 25 N\u00ebntorit 2023!<\/strong><\/p>\n\n\n\n<p class=\"has-text-align-center\"><strong>NJ<\/strong><strong>\u00cb MENU ITALIANE SHOQ\u00cbRUAR ME PIJE<\/strong>.<\/p>\n\n\n\n<ul class=\"wp-block-list\">\n<li>Pjat\u00eb e par\u00eb &#8211; Makarona Sht\u00ebpie.<\/li>\n\n\n\n<li>Pjat\u00eb e dyt\u00eb &#8211; Sallat\u00eb.<\/li>\n\n\n\n<li>Pjata kryesore &#8211; Mish vi\u00e7i, i shoq\u00ebruar me patate t\u00eb furr\u00ebs dhe perime.<\/li>\n\n\n\n<li>Kafe ekspres, kafe me qum\u00ebsht, kapu\u00e7ino, \u00e7aj.<\/li>\n\n\n\n<li>\u00cbmb\u00eblsir\u00eb.<\/li>\n\n\n\n<li>Pije &#8211; Ver\u00eb t\u00eb Bardh\u00eb \/ Kuqe (dy shishe ver\u00eb p\u00ebr tavolin\u00eb), si dhe uj\u00eb e pije t\u00eb gazuara pa alkool.<\/li>\n<\/ul>\n\n\n\n<p>______________________________________________________________________________________________<\/p>\n\n\n\n<p class=\"has-text-align-center\">\u00c7mimi 130.00 $ (taksat dhe bakshishet t\u00eb p\u00ebrfshira)<\/p>\n\n\n\n<p class=\"has-text-align-center\">60.00 $ p\u00ebr f\u00ebmij\u00ebt 5-12 vje\u00e7 \/ falas p\u00ebr f\u00ebmij\u00ebt 0-5 vje\u00e7<\/p>\n\n\n\n<p class=\"has-text-align-center\">Nxitoni p\u00ebr t\u00eb rezervuar, vendet jan\u00eb t\u00eb kufizuara!<\/p>\n\n\n\n<p>______________________________________________________________________________________________<\/p>\n\n\n\n<p class=\"has-text-align-center has-vivid-red-color has-text-color\"><strong>P\u00ebr biletat kontaktoni:<\/strong><\/p>\n\n\n\n<p class=\"has-text-align-center has-black-color has-vivid-red-background-color has-text-color has-background\"><strong>Julinda Basha: 514-647-2700 Laval<\/strong><\/p>\n\n\n\n<p class=\"has-text-align-center has-black-color has-vivid-red-background-color has-text-color has-background\"><strong>Fierez Dumani: 438-722-2602 Montreal<\/strong><\/p>\n\n\n\n<p class=\"has-text-align-center has-black-color has-vivid-red-background-color has-text-color has-background\"><strong>Merita Qendro: 514-806-3775 Montreal<\/strong><\/p>\n\n\n\n<p class=\"has-text-align-center has-black-color has-vivid-red-background-color has-text-color has-background\"><strong>Prend Tanushi:&nbsp; 438-321-2772 Longueuil<\/strong><\/p>\n\n\n\n<p class=\"has-text-align-center\">La Classique &#8211; Salle de R\u00e9ceptions<\/p>\n\n\n\n<p class=\"has-text-align-center\">Adresa: 6010 Boul.des Grandes-Prairies, Montr\u00e9al, QC, H1P 1A5<\/p>\n\n\n\n<p class=\"has-text-align-center\">Dat\u00eb : 25 N\u00ebntor 2023<\/p>\n\n\n\n<p class=\"has-text-align-center\">Ora : 19:00<\/p>\n\n\n\n<p><em>Sh\u00ebnim: Ju ftojm\u00eb t\u00eb paraqitemi hijsh\u00ebm, t\u00eb festojm\u00eb me hare dhe me respektin q\u00eb meriton kjo dit\u00eb e sh\u00ebnuar.<\/em><\/p>\n","protected":false},"excerpt":{"rendered":"<p>T\u00eb nderuar bashkatdhetar\u00eb! Festa e p\u00ebrvjetorit t\u00eb 111-t\u00eb t\u00eb Pavar\u00ebsis\u00eb Komb\u00ebtare po afron dhe gjith\u00eb shqiptar\u00ebt an\u00eb e mban\u00eb globit po p\u00ebrgatiten ta p\u00ebrkujtojn\u00eb k\u00ebt\u00eb dat\u00eb t\u00eb sh\u00ebnuar n\u00eb historin\u00eb e popullit ton\u00eb. N\u00eb em\u00ebr t\u00eb Shoqates Kulturore t\u00eb Shqiptar\u00ebve t\u00eb Montrealit, ju ftojm\u00eb n\u00eb nj\u00eb atmosfer\u00eb festive dhe t\u00eb larmishme, n\u00ebn tingujt e bukur [&hellip;]<\/p>\n","protected":false},"author":1,"featured_media":290,"comment_status":"open","ping_status":"open","sticky":false,"template":"","format":"standard","meta":{"footnotes":""},"categories":[1,6],"tags":[],"class_list":["post-284","post","type-post","status-publish","format-standard","has-post-thumbnail","hentry","category-faqe-pare","category-ngjarje"],"jetpack_featured_media_url":"https:\/\/albculture.ca\/wp-content\/uploads\/2023\/10\/Poster-Festa-Flamurit-2023.jpeg","_links":{"self":[{"href":"https:\/\/albculture.ca\/index.php\/wp-json\/wp\/v2\/posts\/284","targetHints":{"allow":["GET"]}}],"collection":[{"href":"https:\/\/albculture.ca\/index.php\/wp-json\/wp\/v2\/posts"}],"about":[{"href":"https:\/\/albculture.ca\/index.php\/wp-json\/wp\/v2\/types\/post"}],"author":[{"embeddable":true,"href":"https:\/\/albculture.ca\/index.php\/wp-json\/wp\/v2\/users\/1"}],"replies":[{"embeddable":true,"href":"https:\/\/albculture.ca\/index.php\/wp-json\/wp\/v2\/comments?post=284"}],"version-history":[{"count":7,"href":"https:\/\/albculture.ca\/index.php\/wp-json\/wp\/v2\/posts\/284\/revisions"}],"predecessor-version":[{"id":480,"href":"https:\/\/albculture.ca\/index.php\/wp-json\/wp\/v2\/posts\/284\/revisions\/480"}],"wp:featuredmedia":[{"embeddable":true,"href":"https:\/\/albculture.ca\/index.php\/wp-json\/wp\/v2\/media\/290"}],"wp:attachment":[{"href":"https:\/\/albculture.ca\/index.php\/wp-json\/wp\/v2\/media?parent=284"}],"wp:term":[{"taxonomy":"category","embeddable":true,"href":"https:\/\/albculture.ca\/index.php\/wp-json\/wp\/v2\/categories?post=284"},{"taxonomy":"post_tag","embeddable":true,"href":"https:\/\/albculture.ca\/index.php\/wp-json\/wp\/v2\/tags?post=284"}],"curies":[{"name":"wp","href":"https:\/\/api.w.org\/{rel}","templated":true}]}}