{"id":329,"date":"2023-12-11T21:01:50","date_gmt":"2023-12-12T02:01:50","guid":{"rendered":"https:\/\/albculture.ca\/?p=329"},"modified":"2023-12-17T08:26:18","modified_gmt":"2023-12-17T13:26:18","slug":"babagjyshi-i-vitit-te-ri","status":"publish","type":"post","link":"https:\/\/albculture.ca\/index.php\/2023\/12\/11\/babagjyshi-i-vitit-te-ri\/","title":{"rendered":"Babagjyshi i Vitit t\u00eb Ri"},"content":{"rendered":"\n<p>T\u00eb nderuar prind\u00ebr t\u00eb komunitetit shqiptar, p\u00ebr f\u00ebmij\u00ebt tan\u00eb kemi menduar nj\u00eb aktivitet p\u00ebr festat e fundvitit. <\/p>\n\n\n\n<p class=\"has-black-color has-vivid-red-background-color has-text-color has-background has-link-color wp-elements-7e39b216dd7c4e0c40623154e5fd360d\">Kur: Dit\u00ebn e djel\u00eb dat\u00eb 17 Dhejtor 2023 nga ora 12:00 -16:00.<\/p>\n\n\n\n<p class=\"has-black-color has-vivid-red-background-color has-text-color has-background has-link-color wp-elements-79caf37ca41a18d86b29c1effac97212\">Ku: Adresa CACI 12049 Blvd. Laurentien, Montreal, Quebec H4K 1M8<\/p>\n\n\n\n<p>Shoqata Kulturore ofron pijet p\u00ebr f\u00ebmij\u00ebt, organizon disa lojra, dhe fotografi t\u00eb cilat do t\u00eb lahen n\u00eb nj\u00eb moment t\u00eb dyt\u00eb e jepen dhurat\u00eb kujtim p\u00ebr f\u00ebmij\u00ebt me Babagjyshin e vitit t\u00eb ri. Nd\u00ebrsa p\u00ebr prind\u00ebrit gjithashtu do t\u00eb ofrohet kafe. <\/p>\n\n\n\n<p>E gjith\u00eb pasditja do t\u00eb shoq\u00ebrohet me muzik\u00eb festash fundviti e aktivitete si dhe muzik\u00eb p\u00ebr f\u00ebmij\u00eb. Animator\u00eb q\u00eb do t\u00eb kryejn\u00eb piktura t\u00eb vogla p\u00ebr f\u00ebmij\u00ebt, ndoshta Babagjyshi do t\u00eb tregoj edhe ndonj\u00eb p\u00ebrall\u00eb p\u00ebr f\u00ebmij\u00ebt e shum\u00eb supriza t\u00eb tjera i presin vog\u00eblush\u00ebt. <\/p>\n\n\n\n<p class=\"has-vivid-red-color has-cyan-bluish-gray-background-color has-text-color has-background has-link-color wp-elements-5d05a72ca3da821d0191545fc66599ad\"><em><strong>Sh\u00ebnim: Prind\u00ebrit lutet t\u00eb konfirmojn\u00eb paraprakisht prezenc\u00ebn e f\u00ebmij\u00ebve t\u00eb tyre n\u00eb numrin e telefonit (514) 806-3775. Si dhe prindi duhet ta pregatisi paraprakisht dhurat\u00ebn e tyre specifikisht p\u00ebr f\u00ebmij\u00ebn p\u00ebrkat\u00ebs duke mbajtur sh\u00ebnimin e emrit t\u00eb f\u00ebmij\u00ebs mbi at\u00eb dhurat\u00eb.<\/strong> <\/em><\/p>\n\n\n\n<p><strong>Programi i Fest\u00ebs s\u00eb f\u00ebmij\u00ebve dhe Babagjyshit<\/strong><\/p>\n\n\n\n<p>&#8212;&#8212;&#8212;&#8212;&#8212;&#8212;&#8212;&#8212;&#8212;&#8212;&#8212;&#8212;&#8212;&#8212;&#8212;&#8212;&#8212;&#8212;&#8212;&#8211;<\/p>\n\n\n\n<p><strong>Hapja dat\u00eb 17 Dhjetor 23 (ora 12 e drek\u00ebs)<\/strong><\/p>\n\n\n\n<p><strong>1)<\/strong> Hyrja shoq\u00ebruar me muzik\u00eb t\u00eb leht\u00eb k\u00ebng\u00eb n\u00eb shqip p\u00ebr festat e fund vitit.<\/p>\n\n\n\n<p><strong>2)<\/strong> Fotografi me Babagjyshin (ora 12-13)<\/p>\n\n\n\n<p><a><\/a>Familjet vijn\u00eb me f\u00ebmij\u00ebt sipas orarit t\u00eb mb\u00ebrritjes, b\u00ebjn\u00eb fotot q\u00eb n\u00eb fillim sipas radh\u00ebs s\u00eb ardhjes, n\u00eb k\u00ebt\u00eb moment i jepet edhe dhurata e d\u00ebshiruar nga prindi me emrin e f\u00ebmij\u00ebs p\u00ebrkat\u00ebs ngjitur mbi paketim.<\/p>\n\n\n\n<p><strong>3)<\/strong> Recitime, surpriza, shum\u00eb dhurata modeste nga sponsor\u00ebt, shoq\u00ebruar me muzik\u00eb p\u00ebr f\u00ebmij\u00eb dhe pije e biskota t\u00eb freskta, nd\u00ebrsa p\u00ebr prind\u00ebrit kafe (ora 13-14).<\/p>\n\n\n\n<p><strong>4)<\/strong> Vajzat animatore pikturojn\u00eb me bojra f\u00ebmij\u00ebt (ora 14-15).<\/p>\n\n\n\n<p><strong>5)<\/strong> Grupi i valleve, f\u00ebmij\u00ebt k\u00ebrcime (ora 15-16).<\/p>\n\n\n\n<p>Mbyllja ora (16 pasdite)<\/p>\n\n\n\n<figure class=\"wp-block-image size-full is-resized\"><img loading=\"lazy\" decoding=\"async\" width=\"435\" height=\"394\" src=\"https:\/\/albculture.ca\/wp-content\/uploads\/2023\/12\/logo1.jpg\" alt=\"\" class=\"wp-image-333\" style=\"width:88px;height:auto\" srcset=\"https:\/\/albculture.ca\/wp-content\/uploads\/2023\/12\/logo1.jpg 435w, https:\/\/albculture.ca\/wp-content\/uploads\/2023\/12\/logo1-300x272.jpg 300w\" sizes=\"auto, (max-width: 435px) 100vw, 435px\" \/><\/figure>\n","protected":false},"excerpt":{"rendered":"<p>T\u00eb nderuar prind\u00ebr t\u00eb komunitetit shqiptar, p\u00ebr f\u00ebmij\u00ebt tan\u00eb kemi menduar nj\u00eb aktivitet p\u00ebr festat e fundvitit. Kur: Dit\u00ebn e djel\u00eb dat\u00eb 17 Dhejtor 2023 nga ora 12:00 -16:00. Ku: Adresa CACI 12049 Blvd. Laurentien, Montreal, Quebec H4K 1M8 Shoqata Kulturore ofron pijet p\u00ebr f\u00ebmij\u00ebt, organizon disa lojra, dhe fotografi t\u00eb cilat do t\u00eb lahen [&hellip;]<\/p>\n","protected":false},"author":1,"featured_media":330,"comment_status":"open","ping_status":"open","sticky":false,"template":"","format":"standard","meta":{"footnotes":""},"categories":[1,6],"tags":[],"class_list":["post-329","post","type-post","status-publish","format-standard","has-post-thumbnail","hentry","category-faqe-pare","category-ngjarje"],"jetpack_featured_media_url":"https:\/\/albculture.ca\/wp-content\/uploads\/2023\/12\/Untitled.jpg","_links":{"self":[{"href":"https:\/\/albculture.ca\/index.php\/wp-json\/wp\/v2\/posts\/329","targetHints":{"allow":["GET"]}}],"collection":[{"href":"https:\/\/albculture.ca\/index.php\/wp-json\/wp\/v2\/posts"}],"about":[{"href":"https:\/\/albculture.ca\/index.php\/wp-json\/wp\/v2\/types\/post"}],"author":[{"embeddable":true,"href":"https:\/\/albculture.ca\/index.php\/wp-json\/wp\/v2\/users\/1"}],"replies":[{"embeddable":true,"href":"https:\/\/albculture.ca\/index.php\/wp-json\/wp\/v2\/comments?post=329"}],"version-history":[{"count":8,"href":"https:\/\/albculture.ca\/index.php\/wp-json\/wp\/v2\/posts\/329\/revisions"}],"predecessor-version":[{"id":352,"href":"https:\/\/albculture.ca\/index.php\/wp-json\/wp\/v2\/posts\/329\/revisions\/352"}],"wp:featuredmedia":[{"embeddable":true,"href":"https:\/\/albculture.ca\/index.php\/wp-json\/wp\/v2\/media\/330"}],"wp:attachment":[{"href":"https:\/\/albculture.ca\/index.php\/wp-json\/wp\/v2\/media?parent=329"}],"wp:term":[{"taxonomy":"category","embeddable":true,"href":"https:\/\/albculture.ca\/index.php\/wp-json\/wp\/v2\/categories?post=329"},{"taxonomy":"post_tag","embeddable":true,"href":"https:\/\/albculture.ca\/index.php\/wp-json\/wp\/v2\/tags?post=329"}],"curies":[{"name":"wp","href":"https:\/\/api.w.org\/{rel}","templated":true}]}}