{"id":367,"date":"2024-01-29T18:13:40","date_gmt":"2024-01-29T23:13:40","guid":{"rendered":"https:\/\/albculture.ca\/?p=367"},"modified":"2024-02-28T07:12:44","modified_gmt":"2024-02-28T12:12:44","slug":"festa-e-pavaresise-se-kosoves","status":"publish","type":"post","link":"https:\/\/albculture.ca\/index.php\/2024\/01\/29\/festa-e-pavaresise-se-kosoves\/","title":{"rendered":"G\u00ebzuar 16-t\u00eb vjetorin e Pavar\u00ebsis\u00eb s\u00eb Kosov\u00ebs"},"content":{"rendered":"\n<p class=\"has-text-align-center has-vivid-red-color has-text-color has-link-color wp-elements-7c2c605500588d93ed683033911e852a\"><strong>T\u00eb nderuar bashkatdhetar\u00eb!<\/strong><\/p>\n\n\n\n<p class=\"has-text-align-left\">Festa e p\u00ebrvjetorit t\u00eb 16<sup>-t\u00eb <\/sup>t\u00eb Pavar\u00ebsis\u00eb s\u00eb Kosov\u00ebs po afron dhe gjith\u00eb shqiptar\u00ebt an\u00eb e mban\u00eb globit po p\u00ebrgatiten ta p\u00ebrkujtojn\u00eb k\u00ebt\u00eb dat\u00eb t\u00eb sh\u00ebnuar n\u00eb historin\u00eb e popullit ton\u00eb.<\/p>\n\n\n\n<p class=\"has-text-align-left\">Shoqata Kulturore Shqiptare Montreal n\u00eb bashk\u00ebpunim me Shoqat\u00ebn Shqiptare Kosova Montreal me rastin e 16-t\u00eb vjetorit organizojn\u00eb s\u00eb bashku Fest\u00ebn e Pavar\u00ebsis\u00eb s\u00eb Kosov\u00ebs n\u00eb dat\u00eb 24 Shkurt 2024.<\/p>\n\n\n\n<p class=\"has-text-align-left\">T\u00eb ftuar Maestro Armaldo Kllogjeri tenor, Klodiana Vata k\u00ebng\u00ebtare t\u00eb shoq\u00ebruar nga muzikanti i talentuar Gojard Kodra.<\/p>\n\n\n\n<p class=\"has-text-align-left\">Ju lutem p\u00ebr arsye organizimi rezervoni vendet tuaja paraprakisht.<\/p>\n\n\n\n<p class=\"has-text-align-center has-vivid-red-color has-text-color has-link-color wp-elements-0ce7bf4af49216e38a6f7d6c71662785\"><strong>Ju ftojm\u00eb t\u00eb festojm\u00eb s\u00eb bashku n\u00eb mbr\u00ebmjen e 24 Shkurt 2024!<\/strong><\/p>\n\n\n\n<p>______________________________________________________________________________________________<\/p>\n\n\n\n<p class=\"has-text-align-center\">\u00c7mimi 130.00 $ (taksat dhe bakshishet t\u00eb p\u00ebrfshira)<\/p>\n\n\n\n<p class=\"has-text-align-center\">60.00 $ p\u00ebr f\u00ebmij\u00ebt 5-12 vje\u00e7 \/ falas p\u00ebr f\u00ebmij\u00ebt 0-5 vje\u00e7<\/p>\n\n\n\n<p class=\"has-text-align-center\">Nxitoni p\u00ebr t\u00eb rezervuar, vendet jan\u00eb t\u00eb kufizuara!<\/p>\n\n\n\n<p>______________________________________________________________________________________________<\/p>\n\n\n\n<p class=\"has-text-align-center has-vivid-red-color has-text-color\"><strong>P\u00ebr biletat kontaktoni:<\/strong><\/p>\n\n\n\n<p class=\"has-text-align-center has-white-color has-vivid-cyan-blue-background-color has-text-color has-background has-link-color wp-elements-d74e4d129850ff80b90a1e519e65ef61\"><strong>Ruzhdi Ahmeti 438-530-3727 Laval<\/strong><\/p>\n\n\n\n<p class=\"has-text-align-center has-white-color has-vivid-cyan-blue-background-color has-text-color has-background has-link-color wp-elements-19046358b027bf09714bf02a8d6237b6\"><strong>Blerim Matoshi 514-991-6928 Montrea<\/strong>l<\/p>\n\n\n\n<p class=\"has-text-align-center has-white-color has-vivid-cyan-blue-background-color has-text-color has-background has-link-color wp-elements-d60867f1c109e3217a3325b4b22c4548\"><strong>Korab Xharra 514-660-2113 Montreal<\/strong><\/p>\n\n\n\n<p class=\"has-text-align-center has-white-color has-vivid-cyan-blue-background-color has-text-color has-background has-link-color wp-elements-80ac7e4cbf509db2cb5e466a8ef600f8\"><strong>Julinda Basha 514-647-2700 Laval<\/strong><\/p>\n\n\n\n<p class=\"has-text-align-center has-white-color has-vivid-cyan-blue-background-color has-text-color has-background has-link-color wp-elements-6235d0a9f1addbfa9c19c6ebe0eaa77f\"><strong>Prend Tanushi 438-321-2772 Longueil<\/strong><\/p>\n\n\n\n<p>Ju lutem mbajeni bilet\u00ebn gjat\u00eb gjith\u00eb mbr\u00ebmjes festive.<\/p>\n\n\n\n<p>P\u00ebr blerje kontaktoni numrat e m\u00ebsip\u00ebrm ose elektronike n\u00eb linj\u00eb: <strong>shkshmantar@gmail.com<\/strong><\/p>\n\n\n\n<figure class=\"wp-block-image size-large\"><img loading=\"lazy\" decoding=\"async\" width=\"1024\" height=\"336\" src=\"https:\/\/albculture.ca\/wp-content\/uploads\/2024\/02\/shembull-2-1024x336.jpeg\" alt=\"\" class=\"wp-image-490\" srcset=\"https:\/\/albculture.ca\/wp-content\/uploads\/2024\/02\/shembull-2-1024x336.jpeg 1024w, https:\/\/albculture.ca\/wp-content\/uploads\/2024\/02\/shembull-2-300x98.jpeg 300w, https:\/\/albculture.ca\/wp-content\/uploads\/2024\/02\/shembull-2-768x252.jpeg 768w, https:\/\/albculture.ca\/wp-content\/uploads\/2024\/02\/shembull-2.jpeg 1372w\" sizes=\"auto, (max-width: 1024px) 100vw, 1024px\" \/><\/figure>\n\n\n\n<p class=\"has-vivid-red-color has-text-color has-link-color wp-elements-8be1211fbd18de97b21299262785727b\"><strong>Sh\u00ebmbull bilet p\u00ebr f\u00ebmij\u00eb<\/strong><\/p>\n\n\n\n<figure class=\"wp-block-image size-large is-resized\"><img loading=\"lazy\" decoding=\"async\" width=\"1024\" height=\"403\" src=\"https:\/\/albculture.ca\/wp-content\/uploads\/2024\/02\/shembull-1-1024x403.jpeg\" alt=\"\" class=\"wp-image-488\" style=\"width:842px;height:auto\" srcset=\"https:\/\/albculture.ca\/wp-content\/uploads\/2024\/02\/shembull-1-1024x403.jpeg 1024w, https:\/\/albculture.ca\/wp-content\/uploads\/2024\/02\/shembull-1-300x118.jpeg 300w, https:\/\/albculture.ca\/wp-content\/uploads\/2024\/02\/shembull-1-768x303.jpeg 768w, https:\/\/albculture.ca\/wp-content\/uploads\/2024\/02\/shembull-1.jpeg 1376w\" sizes=\"auto, (max-width: 1024px) 100vw, 1024px\" \/><\/figure>\n\n\n\n<p class=\"has-vivid-red-color has-text-color has-link-color wp-elements-561a2b7ec192b807715c6611f23cc978\"><strong>Sh\u00ebmbull bilet p\u00ebr t\u00eb rritur<\/strong><\/p>\n\n\n\n<p class=\"has-text-align-center\">La Classique &#8211; Salle de R\u00e9ceptions<\/p>\n\n\n\n<p class=\"has-text-align-center\">Adresa: 6010 Boul.des Grandes-Prairies, Montr\u00e9al, QC, H1P 1A5<\/p>\n\n\n\n<p class=\"has-text-align-center\">Dat\u00eb : 24 Shkurt 2024<\/p>\n\n\n\n<p class=\"has-text-align-center\">Ora : 18:30<\/p>\n\n\n\n<p><em>Sh\u00ebnim: Ju ftojm\u00eb t\u00eb paraqitemi hijsh\u00ebm, t\u00eb festojm\u00eb me hare dhe me respektin q\u00eb meriton kjo dit\u00eb e sh\u00ebnuar.<\/em><\/p>\n\n\n\n<figure class=\"wp-block-image size-full is-resized\"><img decoding=\"async\" src=\"https:\/\/albculture.ca\/wp-content\/uploads\/2024\/01\/Festa-e-Kosoves.jpeg\" alt=\"\" class=\"wp-image-368\" style=\"width:891px;height:auto\"\/><\/figure>\n\n\n\n<figure class=\"wp-block-image size-large is-resized\"><img loading=\"lazy\" decoding=\"async\" width=\"791\" height=\"1024\" src=\"https:\/\/albculture.ca\/wp-content\/uploads\/2024\/02\/MENU-1-791x1024.jpeg\" alt=\"\" class=\"wp-image-416\" style=\"width:840px;height:auto\" srcset=\"https:\/\/albculture.ca\/wp-content\/uploads\/2024\/02\/MENU-1-791x1024.jpeg 791w, https:\/\/albculture.ca\/wp-content\/uploads\/2024\/02\/MENU-1-232x300.jpeg 232w, https:\/\/albculture.ca\/wp-content\/uploads\/2024\/02\/MENU-1-768x994.jpeg 768w, https:\/\/albculture.ca\/wp-content\/uploads\/2024\/02\/MENU-1-1187x1536.jpeg 1187w, https:\/\/albculture.ca\/wp-content\/uploads\/2024\/02\/MENU-1.jpeg 1545w\" sizes=\"auto, (max-width: 791px) 100vw, 791px\" \/><\/figure>\n","protected":false},"excerpt":{"rendered":"<p>T\u00eb nderuar bashkatdhetar\u00eb! Festa e p\u00ebrvjetorit t\u00eb 16-t\u00eb t\u00eb Pavar\u00ebsis\u00eb s\u00eb Kosov\u00ebs po afron dhe gjith\u00eb shqiptar\u00ebt an\u00eb e mban\u00eb globit po p\u00ebrgatiten ta p\u00ebrkujtojn\u00eb k\u00ebt\u00eb dat\u00eb t\u00eb sh\u00ebnuar n\u00eb historin\u00eb e popullit ton\u00eb. Shoqata Kulturore Shqiptare Montreal n\u00eb bashk\u00ebpunim me Shoqat\u00ebn Shqiptare Kosova Montreal me rastin e 16-t\u00eb vjetorit organizojn\u00eb s\u00eb bashku Fest\u00ebn e [&hellip;]<\/p>\n","protected":false},"author":1,"featured_media":368,"comment_status":"open","ping_status":"open","sticky":false,"template":"","format":"standard","meta":{"footnotes":""},"categories":[1,6],"tags":[],"class_list":["post-367","post","type-post","status-publish","format-standard","has-post-thumbnail","hentry","category-faqe-pare","category-ngjarje"],"jetpack_featured_media_url":"https:\/\/albculture.ca\/wp-content\/uploads\/2024\/01\/Festa-e-Kosoves-e1706570343821.jpeg","_links":{"self":[{"href":"https:\/\/albculture.ca\/index.php\/wp-json\/wp\/v2\/posts\/367","targetHints":{"allow":["GET"]}}],"collection":[{"href":"https:\/\/albculture.ca\/index.php\/wp-json\/wp\/v2\/posts"}],"about":[{"href":"https:\/\/albculture.ca\/index.php\/wp-json\/wp\/v2\/types\/post"}],"author":[{"embeddable":true,"href":"https:\/\/albculture.ca\/index.php\/wp-json\/wp\/v2\/users\/1"}],"replies":[{"embeddable":true,"href":"https:\/\/albculture.ca\/index.php\/wp-json\/wp\/v2\/comments?post=367"}],"version-history":[{"count":15,"href":"https:\/\/albculture.ca\/index.php\/wp-json\/wp\/v2\/posts\/367\/revisions"}],"predecessor-version":[{"id":492,"href":"https:\/\/albculture.ca\/index.php\/wp-json\/wp\/v2\/posts\/367\/revisions\/492"}],"wp:featuredmedia":[{"embeddable":true,"href":"https:\/\/albculture.ca\/index.php\/wp-json\/wp\/v2\/media\/368"}],"wp:attachment":[{"href":"https:\/\/albculture.ca\/index.php\/wp-json\/wp\/v2\/media?parent=367"}],"wp:term":[{"taxonomy":"category","embeddable":true,"href":"https:\/\/albculture.ca\/index.php\/wp-json\/wp\/v2\/categories?post=367"},{"taxonomy":"post_tag","embeddable":true,"href":"https:\/\/albculture.ca\/index.php\/wp-json\/wp\/v2\/tags?post=367"}],"curies":[{"name":"wp","href":"https:\/\/api.w.org\/{rel}","templated":true}]}}