{"id":374,"date":"2024-01-29T18:59:47","date_gmt":"2024-01-29T23:59:47","guid":{"rendered":"https:\/\/albculture.ca\/?p=374"},"modified":"2024-02-02T18:19:47","modified_gmt":"2024-02-02T23:19:47","slug":"mesimi-i-klases-shqip-fillon-dt-10-02-24-ora-10","status":"publish","type":"post","link":"https:\/\/albculture.ca\/index.php\/2024\/01\/29\/mesimi-i-klases-shqip-fillon-dt-10-02-24-ora-10\/","title":{"rendered":"Klasa Shqip fillon ora 10 dt. 10.02.24"},"content":{"rendered":"\n<p><em><strong>HAPEN RREGJISTRIMET P\u00cbR T\u00cb M\u00cbSUAR GJUH\u00cbN SHQIP N\u00cb MONTREAL<\/strong><\/em><\/p>\n\n\n\n<p><strong><em>&#8211; JU MIR\u00cbPRESIM<\/em><\/strong><\/p>\n\n\n\n<p class=\"has-white-color has-vivid-red-background-color has-text-color has-background has-link-color wp-elements-f4267eceb0d598605c05403d15ef76bf\">Rregjistrimet b\u00ebhen k\u00ebto dy jav\u00eb duke filluar nga data 28 Janar 2024 deri n\u00eb dat\u00ebn 10 Shkurt 2024.<\/p>\n\n\n\n<p><a><\/a>P\u00ebrsh\u00ebndetje t\u00eb dashur bashkatdhetar\u00eb, f\u00ebmij\u00eb e prind\u00ebr!<\/p>\n\n\n\n<p>Shoqata Kulturore Shqiptare e Montrealit ka k\u00ebnaq\u00ebsin\u00eb t\u2019ju njoftoj\u00eb se klasa \u00ab M\u00ebsoj Shqip \u00bb e Projektit 7 fillon rregjistrimin e f\u00ebmijeve t\u00eb grupmosh\u00ebs 5-12 vje\u00e7, t\u00eb shtun\u00ebn n\u00eb dat\u00ebn 3 Shkurt 2024.<\/p>\n\n\n\n<p>Prind\u00ebrit dhe f\u00ebmijet jan\u00eb t\u00eb mir\u00ebpritur t\u00eb asistojn\u00eb n\u00eb ceremonin\u00eb e hapjes si dhe p\u00ebr t\u00eb b\u00ebr\u00eb rregjistrimin e f\u00ebmij\u00ebve n\u00eb k\u00ebt\u00eb program, dit\u00ebn e shtun\u00eb dat\u00eb 3 shkurt n\u00eb or\u00ebn 10-12 n\u00eb adres\u00ebn e m\u00ebposhtme :<\/p>\n\n\n\n<figure class=\"wp-block-image size-large\"><img loading=\"lazy\" decoding=\"async\" width=\"1024\" height=\"768\" src=\"https:\/\/albculture.ca\/wp-content\/uploads\/2024\/01\/Shkolla-Shqip-1024x768.jpeg\" alt=\"\" class=\"wp-image-376\" srcset=\"https:\/\/albculture.ca\/wp-content\/uploads\/2024\/01\/Shkolla-Shqip-1024x768.jpeg 1024w, https:\/\/albculture.ca\/wp-content\/uploads\/2024\/01\/Shkolla-Shqip-300x225.jpeg 300w, https:\/\/albculture.ca\/wp-content\/uploads\/2024\/01\/Shkolla-Shqip-768x576.jpeg 768w, https:\/\/albculture.ca\/wp-content\/uploads\/2024\/01\/Shkolla-Shqip-1536x1152.jpeg 1536w, https:\/\/albculture.ca\/wp-content\/uploads\/2024\/01\/Shkolla-Shqip.jpeg 1600w\" sizes=\"auto, (max-width: 1024px) 100vw, 1024px\" \/><\/figure>\n\n\n\n<p>Salla 601-3<\/p>\n\n\n\n<p>Centre de ressources communautaires de C\u00f4te des Neiges<\/p>\n\n\n\n<p><img loading=\"lazy\" decoding=\"async\" height=\"16\" width=\"16\" alt=\"\ud83d\udccd\" src=\"https:\/\/static.xx.fbcdn.net\/images\/emoji.php\/v9\/t2d\/1\/16\/1f4cd.png\"> 6767 Chemin de la C\u00f4te-des-Neiges,<\/p>\n\n\n\n<p>Montr\u00e9al, QC H3S 2B6, CA<\/p>\n\n\n\n<p>N\u00eb pamund\u00ebsi p\u00ebr t\u00eb kryer rregjistrimin n\u00eb dat\u00ebn 3 Shkurt 2024 fizikisht, rregjistrimi elektronik mund t\u00eb b\u00ebhet edhe duke kontaktuar nga sot Sekretaren e Kryesis\u00eb s\u00eb Shoqat\u00ebs Znj. Anila Hasko n\u00eb numrin e telefonit:<\/p>\n\n\n\n<p><img loading=\"lazy\" decoding=\"async\" height=\"16\" width=\"16\" alt=\"\ud83d\udcde\" src=\"https:\/\/static.xx.fbcdn.net\/images\/emoji.php\/v9\/t4d\/1\/16\/1f4de.png\"> (514) 883-3919.<\/p>\n\n\n\n<p>Klasa \u00ab M\u00ebsoj Shqip \u00bb fillon m\u00ebsimin e saj t\u00eb par\u00eb t\u00eb shtun\u00ebn n\u00eb daten 10 shkurt dhe do t\u00eb vazhdoj p\u00ebr \u00e7&#8217;do t\u00eb shtun\u00eb n\u00eb or\u00ebn 10-12 n\u00eb adres\u00ebn e m\u00ebsip\u00ebrme. Programi i k\u00ebtij sezoni shtrihet deri n\u00eb 29 Qershor 2024 dhe \u00ebsht\u00eb falas.<\/p>\n\n\n\n<p><strong>Kryesia e Shoqat\u00ebs Kulturore Shqiptare t\u00eb Montrealit falenderon:<\/strong><\/p>\n\n\n\n<p>\u2022 <strong>Ambasad\u00ean e Republik\u00ebs s\u00eb Shqip\u00ebris\u00eb n\u00eb Ottawa<\/strong> p\u00ebr mund\u00ebsimin e Abetareve dhe librave p\u00ebr f\u00ebmij\u00eb.<\/p>\n\n\n\n<p>\u2022 <strong>Q\u00ebndr\u00ebn Komunitare Cote-des-Neiges<\/strong> q\u00eb mund\u00ebsoi lokalin p\u00ebr kryerjen e m\u00ebsimit dhe t\u00eb aktiviteteve t\u00eb tjera q\u00eb do t\u00eb zhvillohen t\u00eb shtunave nga ora 9-15.<\/p>\n\n\n\n<p>\u2022 <strong>Emisionin e Radios Centre-Ville 102.3 FM n\u00eb shqip &#8220;Arom\u00eb Shqip\u00ebrie&#8221; <\/strong>dhe ve\u00e7an\u00ebrisht <strong>Z. Shk\u00eblqim Tola<\/strong> p\u00ebr p\u00ebrpjekjet e rikthimit t\u00eb Projektit t\u00eb m\u00ebsimit t\u00eb gjuh\u00ebs shqipe.<\/p>\n\n\n\n<p>\u2022 <strong>M\u00ebsuesen Marjana Dumani<\/strong> q\u00eb mori p\u00ebrsip\u00ebr k\u00ebt\u00eb detyr\u00eb t\u00eb r\u00ebnd\u00ebsishme e t\u00eb bukur.<\/p>\n\n\n\n<p>\u2022 An\u00ebtaren e Shoqates son\u00eb <strong>Znj. Arta Ko\u00e7ollari<\/strong> q\u00eb do t\u00ea jet\u00eb koordinatorja e k\u00ebtij programi.<\/p>\n\n\n\n<p>Dhe mbi t\u00eb gjitha ju fal\u00ebnderojme juve, prind\u00ebrve atdhedashes, q\u00eb edukoni f\u00ebmij\u00ebt me dashurin\u00eb p\u00ebr gjuh\u00ebn ton\u00eb t\u00eb bukur e t\u00eb ve\u00e7ant\u00eb, e cila do u hap\u00eb dritaren e m\u00ebsimit t\u00eb kultur\u00ebs son\u00eb, t\u00eb k\u00ebng\u00ebve tona, traditave tona t\u00eb bukura.<\/p>\n\n\n\n<p>Suksese f\u00ebmij\u00ebve t\u00eb klas\u00ebs \u201cM\u00ebsoj Shqip\u201d!<\/p>\n\n\n\n<p>Rregjistrimet p\u00ebr n\u00eb Klas\u00ebn Shqipe jan\u00eb hapur dhe po afron afati i fillimit. Projekti 7 i m\u00ebsimit t\u00eb gjuh\u00ebs shqipe fillon t\u00eb shtun\u00ebn n\u00eb daten 10 shkurt. Rregjistrimi per klasen \u00ab M\u00ebsoj shqip \u00bb q\u00eb \u00ebsht\u00eb e nivelit fillestar, fillon t\u00eb shtun\u00ebn n\u00eb dat\u00ebn 3 shkurt fizikisht n\u00eb ambientet e klas\u00ebs.<\/p>\n\n\n\n<p>Ekipi i Shoqat\u00ebs Kulturore Shqiptare t\u00eb Montrealit me iniciativen e Emisionit t\u00eb Radios Centre-Ville 102.3 FM n\u00eb shqip &#8220;Arom\u00eb Shqip\u00ebrie&#8221; arriti te realizoje Projektin 7 \u00ab M\u00ebsoj Shqip \u00bb.<\/p>\n\n\n\n<figure class=\"wp-block-image size-full\"><img loading=\"lazy\" decoding=\"async\" width=\"214\" height=\"214\" src=\"https:\/\/albculture.ca\/wp-content\/uploads\/2024\/01\/logo-1.png\" alt=\"\" class=\"wp-image-381\" srcset=\"https:\/\/albculture.ca\/wp-content\/uploads\/2024\/01\/logo-1.png 214w, https:\/\/albculture.ca\/wp-content\/uploads\/2024\/01\/logo-1-150x150.png 150w\" sizes=\"auto, (max-width: 214px) 100vw, 214px\" \/><\/figure>\n","protected":false},"excerpt":{"rendered":"<p>HAPEN RREGJISTRIMET P\u00cbR T\u00cb M\u00cbSUAR GJUH\u00cbN SHQIP N\u00cb MONTREAL &#8211; JU MIR\u00cbPRESIM Rregjistrimet b\u00ebhen k\u00ebto dy jav\u00eb duke filluar nga data 28 Janar 2024 deri n\u00eb dat\u00ebn 10 Shkurt 2024. P\u00ebrsh\u00ebndetje t\u00eb dashur bashkatdhetar\u00eb, f\u00ebmij\u00eb e prind\u00ebr! Shoqata Kulturore Shqiptare e Montrealit ka k\u00ebnaq\u00ebsin\u00eb t\u2019ju njoftoj\u00eb se klasa \u00ab M\u00ebsoj Shqip \u00bb e Projektit 7 [&hellip;]<\/p>\n","protected":false},"author":1,"featured_media":375,"comment_status":"open","ping_status":"open","sticky":false,"template":"","format":"standard","meta":{"footnotes":""},"categories":[1,6],"tags":[],"class_list":["post-374","post","type-post","status-publish","format-standard","has-post-thumbnail","hentry","category-faqe-pare","category-ngjarje"],"jetpack_featured_media_url":"https:\/\/albculture.ca\/wp-content\/uploads\/2024\/01\/ABC.jpeg","_links":{"self":[{"href":"https:\/\/albculture.ca\/index.php\/wp-json\/wp\/v2\/posts\/374","targetHints":{"allow":["GET"]}}],"collection":[{"href":"https:\/\/albculture.ca\/index.php\/wp-json\/wp\/v2\/posts"}],"about":[{"href":"https:\/\/albculture.ca\/index.php\/wp-json\/wp\/v2\/types\/post"}],"author":[{"embeddable":true,"href":"https:\/\/albculture.ca\/index.php\/wp-json\/wp\/v2\/users\/1"}],"replies":[{"embeddable":true,"href":"https:\/\/albculture.ca\/index.php\/wp-json\/wp\/v2\/comments?post=374"}],"version-history":[{"count":8,"href":"https:\/\/albculture.ca\/index.php\/wp-json\/wp\/v2\/posts\/374\/revisions"}],"predecessor-version":[{"id":413,"href":"https:\/\/albculture.ca\/index.php\/wp-json\/wp\/v2\/posts\/374\/revisions\/413"}],"wp:featuredmedia":[{"embeddable":true,"href":"https:\/\/albculture.ca\/index.php\/wp-json\/wp\/v2\/media\/375"}],"wp:attachment":[{"href":"https:\/\/albculture.ca\/index.php\/wp-json\/wp\/v2\/media?parent=374"}],"wp:term":[{"taxonomy":"category","embeddable":true,"href":"https:\/\/albculture.ca\/index.php\/wp-json\/wp\/v2\/categories?post=374"},{"taxonomy":"post_tag","embeddable":true,"href":"https:\/\/albculture.ca\/index.php\/wp-json\/wp\/v2\/tags?post=374"}],"curies":[{"name":"wp","href":"https:\/\/api.w.org\/{rel}","templated":true}]}}