{"id":877,"date":"2025-02-25T21:53:44","date_gmt":"2025-02-26T02:53:44","guid":{"rendered":"https:\/\/albculture.ca\/?p=877"},"modified":"2025-04-02T20:42:40","modified_gmt":"2025-04-03T00:42:40","slug":"asambleja-e-pergjithshme-2025","status":"publish","type":"post","link":"https:\/\/albculture.ca\/index.php\/2025\/02\/25\/asambleja-e-pergjithshme-2025\/","title":{"rendered":"Asambleja e p\u00ebrgjithshme 2025"},"content":{"rendered":"\n<p>D\u00ebshirojm\u00eb t&#8217;ju b\u00ebjm\u00eb me dije, an\u00ebtar\u00eb t\u00eb rregjistruar, q\u00eb asambleja gjenerale do t\u00eb mbahet me 6 prill 2025, ora 11:00 paradite.<\/p>\n\n\n\n<p>Adresa: <a href=\"https:\/\/www.google.com\/maps\/place\/12049+Blvd.+Laurentien,+Montreal,+QC+H4K+1N3\/@45.5267857,-73.7164396,16z\/data=!4m6!3m5!1s0x4cc9236dffd7cd99:0x9ac110043ce037a4!8m2!3d45.5267857!4d-73.7164396!16s%2Fg%2F11pxx8b2bt?hl=en\">Centre d&#8217;appui aux communaut\u00e9s immigrantes (CACI), 12049 Boul. Laurentien<br>Montr\u00e9al (QC) H4K 1M8<\/a><\/p>\n\n\n\n<p>Kjo asamble \u00ebsht\u00eb e thirrur p\u00ebr t\u00eb prezantuar analiz\u00ebn vjetore si edhe p\u00ebr t\u00eb ftuar specialist\u00eb t\u00eb nevojsh\u00ebm p\u00ebr ekipin drejtues. Jeni t\u00eb ftuar t\u00eb gjith\u00eb ju q\u00eb jeni an\u00ebtar\u00eb t\u00eb rregjistruar, an\u00ebtar\u00eb t\u00eb rinj p\u00ebr t\u00eb dh\u00ebn\u00eb sugjerimet tuaja.<\/p>\n\n\n\n<h2 class=\"wp-block-heading\">B\u00ebhuni pjes\u00eb e bordit drejtues<\/h2>\n\n\n\n<p>SHKSHM \u00ebsht\u00eb nj\u00eb organizat\u00eb jo-fitimprur\u00ebse q\u00eb do t\u00eb perfaqesoj\u00eb z\u00ebrin e komunitetit shqiptar ne Kebek duke ndihmuar n\u00eb ruajtjen, zhvillimin dhe promovimin e kultur\u00ebs, artit dhe trash\u00ebgimis\u00eb shqiptare.<\/p>\n\n\n\n<p>Bordi drejtues i SHKSHM-s\u00eb \u00ebsht\u00eb formuar nga vullnetar\u00eb q\u00eb kan\u00eb marr\u00eb p\u00ebrsip\u00ebr t\u00eb promovojn\u00eb misionin dhe vlerat e shoqat\u00ebs.<\/p>\n\n\n\n<p>N\u00ebse keni qen\u00eb an\u00ebtar p\u00ebr t\u00eb pakt\u00ebn nj\u00eb vit dhe d\u00ebshironi t\u00eb b\u00ebheni pjes\u00eb e bordit drejtues, ju ftojm\u00eb t\u00eb na kontaktoni. Nj\u00eb botim i ve\u00e7ant\u00eb do t\u00eb publikohet s\u00eb shpejti me nj\u00eb formular p\u00ebr k\u00ebt\u00eb q\u00ebllim.<\/p>\n\n\n\n<figure class=\"wp-block-image size-full\"><img loading=\"lazy\" decoding=\"async\" width=\"1004\" height=\"500\" src=\"https:\/\/albculture.ca\/wp-content\/uploads\/2025\/02\/BLOG.jpg\" alt=\"\" class=\"wp-image-878\" srcset=\"https:\/\/albculture.ca\/wp-content\/uploads\/2025\/02\/BLOG.jpg 1004w, https:\/\/albculture.ca\/wp-content\/uploads\/2025\/02\/BLOG-300x149.jpg 300w, https:\/\/albculture.ca\/wp-content\/uploads\/2025\/02\/BLOG-768x382.jpg 768w\" sizes=\"auto, (max-width: 1004px) 100vw, 1004px\" \/><\/figure>\n","protected":false},"excerpt":{"rendered":"<p>D\u00ebshirojm\u00eb t&#8217;ju b\u00ebjm\u00eb me dije, an\u00ebtar\u00eb t\u00eb rregjistruar, q\u00eb asambleja gjenerale do t\u00eb mbahet me 6 prill 2025, ora 11:00 paradite. Adresa: Centre d&#8217;appui aux communaut\u00e9s immigrantes (CACI), 12049 Boul. LaurentienMontr\u00e9al (QC) H4K 1M8 Kjo asamble \u00ebsht\u00eb e thirrur p\u00ebr t\u00eb prezantuar analiz\u00ebn vjetore si edhe p\u00ebr t\u00eb ftuar specialist\u00eb t\u00eb nevojsh\u00ebm p\u00ebr ekipin drejtues. [&hellip;]<\/p>\n","protected":false},"author":1,"featured_media":587,"comment_status":"open","ping_status":"open","sticky":false,"template":"","format":"standard","meta":{"footnotes":""},"categories":[1,6,4],"tags":[],"class_list":["post-877","post","type-post","status-publish","format-standard","has-post-thumbnail","hentry","category-faqe-pare","category-ngjarje","category-shtepi"],"jetpack_featured_media_url":"https:\/\/albculture.ca\/wp-content\/uploads\/2024\/04\/Screenshot-2024-04-05-at-9.54.09\u202fPM.png","_links":{"self":[{"href":"https:\/\/albculture.ca\/index.php\/wp-json\/wp\/v2\/posts\/877","targetHints":{"allow":["GET"]}}],"collection":[{"href":"https:\/\/albculture.ca\/index.php\/wp-json\/wp\/v2\/posts"}],"about":[{"href":"https:\/\/albculture.ca\/index.php\/wp-json\/wp\/v2\/types\/post"}],"author":[{"embeddable":true,"href":"https:\/\/albculture.ca\/index.php\/wp-json\/wp\/v2\/users\/1"}],"replies":[{"embeddable":true,"href":"https:\/\/albculture.ca\/index.php\/wp-json\/wp\/v2\/comments?post=877"}],"version-history":[{"count":4,"href":"https:\/\/albculture.ca\/index.php\/wp-json\/wp\/v2\/posts\/877\/revisions"}],"predecessor-version":[{"id":898,"href":"https:\/\/albculture.ca\/index.php\/wp-json\/wp\/v2\/posts\/877\/revisions\/898"}],"wp:featuredmedia":[{"embeddable":true,"href":"https:\/\/albculture.ca\/index.php\/wp-json\/wp\/v2\/media\/587"}],"wp:attachment":[{"href":"https:\/\/albculture.ca\/index.php\/wp-json\/wp\/v2\/media?parent=877"}],"wp:term":[{"taxonomy":"category","embeddable":true,"href":"https:\/\/albculture.ca\/index.php\/wp-json\/wp\/v2\/categories?post=877"},{"taxonomy":"post_tag","embeddable":true,"href":"https:\/\/albculture.ca\/index.php\/wp-json\/wp\/v2\/tags?post=877"}],"curies":[{"name":"wp","href":"https:\/\/api.w.org\/{rel}","templated":true}]}}